{"id":530,"date":"2020-03-20T15:33:30","date_gmt":"2020-03-20T14:33:30","guid":{"rendered":"https:\/\/www.litochovice.cz\/?p=530"},"modified":"2020-03-20T15:45:01","modified_gmt":"2020-03-20T14:45:01","slug":"opatreni-mesta-strakonice","status":"publish","type":"post","link":"https:\/\/www.litochovice.cz\/index.php\/2020\/03\/20\/opatreni-mesta-strakonice\/","title":{"rendered":"Opat\u0159en\u00ed m\u011bsta Strakonice"},"content":{"rendered":"<h4><strong>Opat\u0159en\u00ed m\u011bsta Strakonice<\/strong><\/h4>\n<p><a href=\"https:\/\/www.litochovice.cz\/wp-content\/uploads\/2020\/03\/Prohl%C3%A1%C5%A1en%C3%AD-veden%C3%AD-m%C4%9Bsta-15.3.2020.docx\">Prohl\u00e1\u0161en\u00ed veden\u00ed m\u011bsta 15.3.2020<\/a><\/p>\n<p>V\u00e1\u017een\u00e1 pan\u00ed starostko, v\u00e1\u017een\u00fd pane starosto,<\/p>\n<p>v ned\u011bli 15. b\u0159ezna 2020 zasedala Rada m\u011bsta Strakonice, kter\u00e1 rozhodla o zaveden\u00ed opat\u0159en\u00ed\u00a0spojen\u00fdch s vyhl\u00e1\u0161en\u00edm nouzov\u00e9ho stavu.<\/p>\n<p>N\u011bkter\u00e1 opat\u0159en\u00ed se t\u00fdkaj\u00ed i obyvatel Va\u0161ich obc\u00ed:<\/p>\n<ol>\n<li><strong>Uzav\u0159en\u00ed mate\u0159sk\u00fdch \u0161kolek<\/strong><\/li>\n<\/ol>\n<p>S \u00fa\u010dinnost\u00ed od pond\u011bl\u00ed 16. 3. 2020 jsou a\u017e do odvol\u00e1n\u00ed uzav\u0159eny v\u0161echny mate\u0159sk\u00e9 \u0161koly z\u0159\u00edzen\u00e9 m\u011bstem Strakonice<\/p>\n<ol start=\"2\">\n<li><strong>Omezen\u00ed \u010dinnosti M\u011bstsk\u00e9ho \u00fa\u0159adu Strakonice<\/strong><\/li>\n<\/ol>\n<p>Od pond\u011bl\u00ed 16. 3. 2020 je uzav\u0159en pro ve\u0159ejnost M\u011bstsk\u00fd \u00fa\u0159ad Strakonice. V provozu z\u016fst\u00e1vaj\u00ed pouze vybran\u00e1 pracovi\u0161t\u011b zaji\u0161\u0165uj\u00edc\u00ed agendy na odboru vnit\u0159n\u00edch v\u011bc\u00ed \u2013 matrika, ob\u010dansk\u00e9 pr\u016fkazy a cestovn\u00ed doklady, evidence obyvatel. Odbor dopravy bude m\u00edt v provozu odd\u011blen\u00ed dopravn\u011b spr\u00e1vn\u00edch agend, tedy vyd\u00e1v\u00e1n\u00ed \u0159idi\u010dsk\u00fdch pr\u016fkaz\u016f a registr vozidel. V provozu z\u016fst\u00e1v\u00e1 podatelna M\u011b\u00da Strakonice.<br \/>\n\u00da\u0159edn\u00ed hodiny na vybran\u00fdch pracovi\u0161t\u00edch budou v n\u00e1sleduj\u00edc\u00edm re\u017eimu: pond\u011bl\u00ed\u00a0 8:00 \u2013 10:00, 14:00 \u2013 16:00 hodin, st\u0159eda 8:00 \u2013 10:00, 14:00 \u2013 16:00 hodin, p\u00e1tek 8:00 \u2013 10.00 hodin.<br \/>\nPokladna je ve\u0159ejnosti uzav\u0159ena. Ve\u0161ker\u00e9 platby pros\u00edm prov\u00e1d\u011bjte bezhotovostn\u011b na otev\u0159en\u00fdch pracovi\u0161t\u00edch s platebn\u00edmi termin\u00e1ly, nebo p\u0159evodem z \u00fa\u010dtu.<br \/>\nVyz\u00fdv\u00e1me ob\u010dany, aby odlo\u017eili vy\u0159\u00edzen\u00ed sv\u00fdch \u017e\u00e1dosti na pozd\u011bj\u0161\u00ed dobu.<\/p>\n<p><strong>Informace \u2013 Poliklinika Strakonice v Bezd\u011bkovsk\u00e9 ulici 186:<\/strong><\/p>\n<p>Z d\u016fvodu komplexn\u00ed desinfekce budovy bude ve dnech 16. \u2013 17.\u00a0 3. 2020 uzav\u0159ena Poliklinika Strakonice v Bezd\u011bkovsk\u00e9 ulici 186.<\/p>\n<p>Pros\u00edme V\u00e1s o zve\u0159ejn\u011bn\u00ed informac\u00ed, kter\u00e9 se V\u00e1s t\u00fdkaj\u00ed prost\u0159ednictv\u00edm\u00a0Va\u0161ich sd\u011blovac\u00edch prost\u0159edk\u016f (m\u00edstn\u00ed rozhlas, webov\u00e9 str\u00e1nky, \u2026).<\/p>\n<p>D\u011bkujeme za spolupr\u00e1ci<\/p>\n<p>S pozdravem<\/p>\n<p><strong>Ing. Peter Kurek<\/strong><\/p>\n<p>pracovn\u00edk krizov\u00e9ho \u0159\u00edzen\u00ed<\/p>\n<p>odbor \u017eivotn\u00edho prost\u0159ed\u00ed<\/p>\n","protected":false},"excerpt":{"rendered":"<p>Opat\u0159en\u00ed m\u011bsta Strakonice Prohl\u00e1\u0161en\u00ed veden\u00ed m\u011bsta 15.3.2020 V\u00e1\u017een\u00e1 pan\u00ed starostko, v\u00e1\u017een\u00fd pane starosto, v ned\u011bli 15. b\u0159ezna 2020 zasedala Rada m\u011bsta Strakonice, kter\u00e1 rozhodla o zaveden\u00ed opat\u0159en\u00ed\u00a0spojen\u00fdch s vyhl\u00e1\u0161en\u00edm nouzov\u00e9ho stavu. N\u011bkter\u00e1 opat\u0159en\u00ed se t\u00fdkaj\u00ed i obyvatel Va\u0161ich obc\u00ed: Uzav\u0159en\u00ed <a class=\"more-link\" href=\"https:\/\/www.litochovice.cz\/index.php\/2020\/03\/20\/opatreni-mesta-strakonice\/\">Cel\u00fd \u010dl\u00e1nek  <span class=\"screen-reader-text\">  Opat\u0159en\u00ed m\u011bsta Strakonice<\/span><span class=\"meta-nav\">&rarr;<\/span><\/a><\/p>\n","protected":false},"author":1,"featured_media":0,"comment_status":"closed","ping_status":"closed","sticky":false,"template":"","format":"standard","meta":{"footnotes":""},"categories":[5],"tags":[],"class_list":["post-530","post","type-post","status-publish","format-standard","hentry","category-uvodni-stranka"],"_links":{"self":[{"href":"https:\/\/www.litochovice.cz\/index.php\/wp-json\/wp\/v2\/posts\/530","targetHints":{"allow":["GET"]}}],"collection":[{"href":"https:\/\/www.litochovice.cz\/index.php\/wp-json\/wp\/v2\/posts"}],"about":[{"href":"https:\/\/www.litochovice.cz\/index.php\/wp-json\/wp\/v2\/types\/post"}],"author":[{"embeddable":true,"href":"https:\/\/www.litochovice.cz\/index.php\/wp-json\/wp\/v2\/users\/1"}],"replies":[{"embeddable":true,"href":"https:\/\/www.litochovice.cz\/index.php\/wp-json\/wp\/v2\/comments?post=530"}],"version-history":[{"count":3,"href":"https:\/\/www.litochovice.cz\/index.php\/wp-json\/wp\/v2\/posts\/530\/revisions"}],"predecessor-version":[{"id":548,"href":"https:\/\/www.litochovice.cz\/index.php\/wp-json\/wp\/v2\/posts\/530\/revisions\/548"}],"wp:attachment":[{"href":"https:\/\/www.litochovice.cz\/index.php\/wp-json\/wp\/v2\/media?parent=530"}],"wp:term":[{"taxonomy":"category","embeddable":true,"href":"https:\/\/www.litochovice.cz\/index.php\/wp-json\/wp\/v2\/categories?post=530"},{"taxonomy":"post_tag","embeddable":true,"href":"https:\/\/www.litochovice.cz\/index.php\/wp-json\/wp\/v2\/tags?post=530"}],"curies":[{"name":"wp","href":"https:\/\/api.w.org\/{rel}","templated":true}]}}